[{"@context":"https:\/\/schema.org\/","@type":"Article","@id":"https:\/\/www.chronici.cz\/s-myvaly-se-rozhodne-nudit-nebudeme\/#Article","mainEntityOfPage":"https:\/\/www.chronici.cz\/s-myvaly-se-rozhodne-nudit-nebudeme\/","headline":"S m\u00fdvaly se rozhodn\u011b nudit nebudeme","name":"S m\u00fdvaly se rozhodn\u011b nudit nebudeme","description":"Kdo se r\u00e1d d\u00edv\u00e1 na star\u0161\u00ed \u010desk\u00e9 filmy, jist\u011b si vybav\u00ed jednu hl\u00e1\u0161ku, kde hlavn\u00ed hrdina nab\u00e1dal ke koupi m\u00fdvala. Pr\u00fd to pom\u00e1h\u00e1 proti nud\u011b. Je to celkem mo\u017en\u00e9. Jen u\u017e bychom dnes nemuseli toto zaj\u00edmav\u00e9 zv\u00ed\u0159\u00e1tko nikde pracn\u011b sh\u00e1n\u011bt, a je\u0161t\u011b na n\u011bho \u0161et\u0159it. Sta\u010dilo by zaj\u00edt do lesa a trp\u011bliv\u011b \u010dekat.&#13; \u00b7 M\u00fdval...<p class=\"more-link-wrap\"><a href=\"https:\/\/www.chronici.cz\/s-myvaly-se-rozhodne-nudit-nebudeme\/\" class=\"more-link\">Read More<span class=\"screen-reader-text\"> &ldquo;S m\u00fdvaly se rozhodn\u011b nudit nebudeme&rdquo;<\/span> &raquo;<\/a><\/p>","datePublished":"2023-05-07","dateModified":"2023-05-07","author":{"@type":"Person","@id":"https:\/\/www.chronici.cz\/author\/devene\/#Person","name":"devene","url":"https:\/\/www.chronici.cz\/author\/devene\/","identifier":1,"image":{"@type":"ImageObject","@id":"https:\/\/secure.gravatar.com\/avatar\/505fff4dce96a6fd9b2c3bab9d6ad2c90e3ce4a797f024fc5ad345c11f66ba90?s=96&d=mm&r=g","url":"https:\/\/secure.gravatar.com\/avatar\/505fff4dce96a6fd9b2c3bab9d6ad2c90e3ce4a797f024fc5ad345c11f66ba90?s=96&d=mm&r=g","height":96,"width":96}},"publisher":{"@type":"Organization","name":"chronici.cz","logo":{"@type":"ImageObject","@id":"\/logo.png","url":"\/logo.png","width":600,"height":60}},"url":"https:\/\/www.chronici.cz\/s-myvaly-se-rozhodne-nudit-nebudeme\/","wordCount":406,"articleBody":" Kdo se r\u00e1d d\u00edv\u00e1 na star\u0161\u00ed \u010desk\u00e9 filmy, jist\u011b si vybav\u00ed jednu hl\u00e1\u0161ku, kde hlavn\u00ed hrdina nab\u00e1dal ke koupi m\u00fdvala. Pr\u00fd to pom\u00e1h\u00e1 proti nud\u011b. Je to celkem mo\u017en\u00e9. Jen u\u017e bychom dnes nemuseli toto zaj\u00edmav\u00e9 zv\u00ed\u0159\u00e1tko nikde pracn\u011b sh\u00e1n\u011bt, a je\u0161t\u011b na n\u011bho \u0161et\u0159it. Sta\u010dilo by zaj\u00edt do lesa a trp\u011bliv\u011b \u010dekat.&#13; \u00b7 M\u00fdval u\u017e nebude za p\u00e1r let t\u00edm mal\u00fdm, roztomil\u00fdm zv\u00ed\u0159\u00e1tkem, kter\u00e9 zn\u00e1me ze zoologick\u00fdch zahrad a p\u0159\u00edrodopisn\u00fdch film\u016f.&#13; \u00b7 M\u00fdval bude postrachem na\u0161ich zahrad a pol\u00ed.Tento savec je doma v Severn\u00ed Americe, odkud byl zavle\u010den do Evropy, Japonska a Kavkazu.&#13; Bude tu planeta m\u00fdval\u016f?&#13; P\u0159irozen\u00fdm biotopem m\u00fdvala severn\u00edho jsou sm\u00ed\u0161en\u00e9 a listnat\u00e9 lesy. Jak je tedy mo\u017en\u00e9, \u017ee se dostal a\u017e k n\u00e1m? Roku 1934 byly dva p\u00e1ry vysazeny v n\u011bmeck\u00e9m m\u011bst\u011b Kassel. Tito \u010dty\u0159i jedinci se neuv\u011b\u0159iteln\u011b rozmno\u017eili. Dnes je jich v tom sam\u00e9m m\u011bst\u011b na sto tis\u00edc. A v cel\u00e9m N\u011bmecku jich odhaduj\u00ed na jeden mili\u00f3n. A jeliko\u017e zv\u00ed\u0159ata v\u011bt\u0161inou nerespektuj\u00ed hranice, dostal se i k n\u00e1m a u\u017e hospoda\u0159\u00ed v cel\u00e9 \u010cesk\u00e9 republice.&#13; \u00b7 Odborn\u00edci na biodiverzitu tvrd\u00ed, \u017ee je to p\u0159\u00edmo u\u010debnicov\u00fd p\u0159\u00edklad toho, jak \u010dlov\u011bk op\u011bt n\u011bco nezvl\u00e1dl a nedomyslel.&#13; \u00b7 Vypustit \u017eivo\u010di\u0161n\u00fd druh tam, kde nem\u00e1 p\u0159irozen\u00e9ho nep\u0159\u00edtele, nemohlo jinak skon\u010dit.&#13; Co vid\u00ed, to se\u017eere&#13; V N\u011bmecku berou m\u00fdvala i jako pohromu pta\u010d\u00edho sv\u011bta. Dob\u0159e \u0161plh\u00e1 a plave. Nic tedy pro n\u011bho nen\u00ed p\u0159ek\u00e1\u017ekou. Myslivci jsou p\u0159esv\u011bd\u010deni, \u017ee vzhledem k jeho vysok\u00e9 inteligenci, bude velk\u00fdm probl\u00e9mem se ho zbavit.&#13; \u00b7 A zanedlouho p\u0159ijde na to, na co p\u0159i\u0161li jeho p\u0159\u00edbuzn\u00ed v Americe.&#13; \u00b7 Je lep\u0161\u00ed sko\u010dit si pro slepici do zav\u0159en\u00e9ho kurn\u00edku ne\u017e n\u011bkde honit veverku po stromech.&#13; Bohu\u017eel, jako ka\u017ed\u00e1 \u0161kodn\u00e1, i on je p\u0159ena\u0161e\u010dem r\u016fzn\u00fdch hrozn\u00fdch nemoc\u00ed. Pat\u0159\u00ed mezi n\u011b pochopiteln\u011b vzteklina, leptospir\u00f3za a \u0161krkavka. \u0160krkavka m\u00fdval\u00ed je nebezpe\u010dn\u00e1 i v tom, \u017ee dok\u00e1\u017ee napadnout nejen k\u016f\u017ei, ale i o\u010di, a dokonce i mozek.                                                                                                                                                                                                                                                                                                                                                                                                "},{"@context":"https:\/\/schema.org\/","@type":"BreadcrumbList","itemListElement":[{"@type":"ListItem","position":1,"name":"S m\u00fdvaly se rozhodn\u011b nudit nebudeme","item":"https:\/\/www.chronici.cz\/s-myvaly-se-rozhodne-nudit-nebudeme\/#breadcrumbitem"}]}]