[{"@context":"https:\/\/schema.org\/","@type":"Article","@id":"https:\/\/www.chronici.cz\/balerinky-aneb-nesmrtelna-modni-klasika\/#Article","mainEntityOfPage":"https:\/\/www.chronici.cz\/balerinky-aneb-nesmrtelna-modni-klasika\/","headline":"Baler\u00ednky aneb nesmrteln\u00e1 m\u00f3dn\u00ed klasika","name":"Baler\u00ednky aneb nesmrteln\u00e1 m\u00f3dn\u00ed klasika","description":"Baler\u00ednky vlastn\u00ed snad ka\u017ed\u00e1 z d\u00edvek i \u017een. Mnoh\u00e9 maj\u00ed v\u00edce ne\u017e jeden p\u00e1r, zahrnuj\u00edc\u00ed nejen sportovn\u00ed \u010di spole\u010densk\u00e9 baler\u00edny. Zauj\u00edmaj\u00ed p\u0159edn\u00ed p\u0159\u00ed\u010dku v r\u00e1mci obl\u00edbenosti. Vynikaj\u00ed pohodlnost\u00ed i eleganc\u00ed. Jsou zkr\u00e1tka nesmrteln\u00e9.&#13; &#13; &#13; Nahl\u00e9dnut\u00ed do historie&#13; &#13; Jak u\u017e n\u00e1zev nazna\u010duje, p\u016fvodn\u011b se jednalo o boty na balet. Zcela prvn\u00ed baler\u00edny byly navr\u017eeny...<p class=\"more-link-wrap\"><a href=\"https:\/\/www.chronici.cz\/balerinky-aneb-nesmrtelna-modni-klasika\/\" class=\"more-link\">Read More<span class=\"screen-reader-text\"> &ldquo;Baler\u00ednky aneb nesmrteln\u00e1 m\u00f3dn\u00ed klasika&rdquo;<\/span> &raquo;<\/a><\/p>","datePublished":"2020-09-14","dateModified":"2023-05-07","author":{"@type":"Person","@id":"https:\/\/www.chronici.cz\/author\/devene\/#Person","name":"devene","url":"https:\/\/www.chronici.cz\/author\/devene\/","identifier":1,"image":{"@type":"ImageObject","@id":"https:\/\/secure.gravatar.com\/avatar\/505fff4dce96a6fd9b2c3bab9d6ad2c90e3ce4a797f024fc5ad345c11f66ba90?s=96&d=mm&r=g","url":"https:\/\/secure.gravatar.com\/avatar\/505fff4dce96a6fd9b2c3bab9d6ad2c90e3ce4a797f024fc5ad345c11f66ba90?s=96&d=mm&r=g","height":96,"width":96}},"publisher":{"@type":"Organization","name":"chronici.cz","logo":{"@type":"ImageObject","@id":"\/logo.png","url":"\/logo.png","width":600,"height":60}},"image":{"@type":"ImageObject","@id":"https:\/\/www.chronici.cz\/wp-content\/uploads\/img_a291872_w2318_t1504187293.jpg","url":"https:\/\/www.chronici.cz\/wp-content\/uploads\/img_a291872_w2318_t1504187293.jpg","height":0,"width":0},"url":"https:\/\/www.chronici.cz\/balerinky-aneb-nesmrtelna-modni-klasika\/","about":["M\u00f3da"],"wordCount":421,"articleBody":"Baler\u00ednky vlastn\u00ed snad ka\u017ed\u00e1 z d\u00edvek i \u017een. Mnoh\u00e9 maj\u00ed v\u00edce ne\u017e jeden p\u00e1r, zahrnuj\u00edc\u00ed nejen sportovn\u00ed \u010di spole\u010densk\u00e9 baler\u00edny. Zauj\u00edmaj\u00ed p\u0159edn\u00ed p\u0159\u00ed\u010dku v r\u00e1mci obl\u00edbenosti. Vynikaj\u00ed pohodlnost\u00ed i eleganc\u00ed. Jsou zkr\u00e1tka nesmrteln\u00e9.&#13; &#13; &#13; Nahl\u00e9dnut\u00ed do historie&#13; &#13; Jak u\u017e n\u00e1zev nazna\u010duje, p\u016fvodn\u011b se jednalo o boty na balet. Zcela prvn\u00ed baler\u00edny byly navr\u017eeny koncem 40. let a to n\u00e1vrh\u00e1\u0159kou Rose Repetto. R\u00e1zem se Rose stala vyhled\u00e1vanou a \u017e\u00e1danou n\u00e1vrh\u00e1\u0159kou a to i ze strany zn\u00e1m\u00fdch osobnost\u00ed. Mezi prvotn\u00ed n\u00e1le\u017eela v\u011bhlasn\u00e1 here\u010dka Brigitte Bardot, kter\u00e1 proslavila baler\u00edny a dala jim punc d\u00e1msk\u00fdch bot.&#13; &#13; Po smrti proslul\u00e9 n\u00e1vrh\u00e1\u0159ky Rose Repetto m\u00f3da baler\u00ednek byla trochu v opomenut\u00ed. Av\u0161ak sv\u00e9 m\u00edsto na v\u00fdslun\u00ed si na\u0161ly zp\u011bt v roce 1999, kdy byla zna\u010dka baler\u00edn Repetto zakoupena Jeanem Marcem Gaucherem. Od t\u00e9 doby se t\u011b\u0161\u00ed sv\u00e9 neutuchaj\u00edc\u00ed sl\u00e1v\u011b. A opr\u00e1vn\u011bn\u011b! V\u0161ak u\u017e v 60. letech si baler\u00edny obl\u00edbily takov\u00e9 veli\u010diny, jako nap\u0159\u00edklad Marilyn Monroe, Audrey Hepburn a dal\u0161\u00ed.&#13; &#13; Pro\u010d nosit baler\u00edny?&#13; &#13; \u00b7 jsou nad\u010dasovou, modern\u00ed, velmi komfortn\u00ed obuv\u00ed,&#13; \u00b7 d\u011blaj\u00ed velmi sexy nohu, zejm\u00e9na v kombinaci s \u00fazkl\u00fdmi riflemi, pak budete doslova h\u00fd\u0159it \u0161armem jako Francouzka,&#13; \u00b7 hod\u00ed se pro v\u0161echny v\u011bkov\u00e9 kategorie, stejn\u011b tak jsou vhodn\u00e9 pro jak\u00fdkoliv typ postavy,&#13; \u00b7 jsou ide\u00e1ln\u00ed pro \u017eeny maj\u00edc\u00ed zdravotn\u00ed probl\u00e9my, jedn\u00e1 se o modern\u00ed obuv, kter\u00e1 dod\u00e1 \u0161mrnc,&#13; \u00b7 jsou nositeln\u00e9 po cel\u00fd den, neot\u00e9kaj\u00ed a nebol\u00ed z nich nohy,&#13; \u00b7 na v\u00fdb\u011br z mnoha barev a proveden\u00ed, tud\u00ed\u017e jsou nositeln\u00e9 do spole\u010dnosti, do pr\u00e1ce, do \u0161koly, ale u\u017e je mo\u017en\u00e9, je vid\u011bt i na svatb\u011b,&#13; \u00b7 jsou neuv\u011b\u0159iteln\u011b \u0161ik,&#13; \u00b7 podtrhnou v\u00e1\u0161 outfit!&#13; &#13; &#13; Typy baler\u00edn&#13; &#13; Na v\u00fdb\u011br jsou jak r\u016fzn\u00e9 materi\u00e1ly \u2013 l\u00e1tka, k\u016f\u017ee, semi\u0161, um\u011bl\u00e1 hmota, krajka, tak velmi pestr\u00e1 \u0161k\u00e1la barevn\u00e9ho proveden\u00ed. Rovn\u011b\u017e jsou k dost\u00e1n\u00ed baler\u00edny s p\u0159ezkou, ma\u0161l\u00ed \u010di jinou ozdobou. Pro l\u00e9to jsou ide\u00e1ln\u00ed a obl\u00edben\u00e9 s\u00ed\u0165ovan\u00e9 baler\u00edny. Ke sportovn\u00edmu outfitu se hod\u00ed baler\u00edny s designem tenisek apod.&#13; &#13; P\u0159\u00edzniv\u00fdm faktem je, \u017ee jsou k dost\u00e1n\u00ed za velmi p\u0159ijatelnou cenu. Nelze si nevybrat. Jeden p\u00e1r baler\u00edn je v\u011bt\u0161inou opravdu nedosta\u010duj\u00edc\u00ed.&#13;                                                                                                                                                                                                                                                                                                                                                                                                 "},{"@context":"https:\/\/schema.org\/","@type":"BreadcrumbList","itemListElement":[{"@type":"ListItem","position":1,"name":"Baler\u00ednky aneb nesmrteln\u00e1 m\u00f3dn\u00ed klasika","item":"https:\/\/www.chronici.cz\/balerinky-aneb-nesmrtelna-modni-klasika\/#breadcrumbitem"}]}]